{"id":3422,"global_id":"www.comunitatdelesport.com\/va\/?id=3422","global_id_lineage":["www.comunitatdelesport.com\/va\/?id=3422"],"author":"5","status":"publish","date":"2021-06-10 11:29:04","date_utc":"2021-06-10 09:29:04","modified":"2021-06-10 11:29:04","modified_utc":"2021-06-10 09:29:04","url":"https:\/\/www.comunitatdelesport.com\/va\/evento\/remo-campeonato-autonomico-de-remo-olimpico\/","rest_url":"https:\/\/www.comunitatdelesport.com\/va\/wp-json\/tribe\/events\/v1\/events\/3422","title":"Reme &#8211; Campionat Auton\u00f2mic de Rem Ol\u00edmpic","description":"<p>Campionat Auton\u00f2mic de Rem Ol\u00edmpic de la categoria Alev\u00ed.<br \/>\nModalitats ol\u00edmpiques:\u00a01x,\u00a02x\u00a0i\u00a04x.<\/p>","excerpt":"","slug":"remo-campeonato-autonomico-de-remo-olimpico","image":{"url":"https:\/\/www.comunitatdelesport.com\/wp-content\/uploads\/2021\/06\/CARTEL-TORREVIEJA-50.png","id":3413,"extension":"png","width":400,"height":400,"sizes":{"medium":{"width":300,"height":300,"mime-type":"image\/png","url":"https:\/\/www.comunitatdelesport.com\/wp-content\/uploads\/2021\/06\/CARTEL-TORREVIEJA-50-300x300.png"},"thumbnail":{"width":150,"height":150,"mime-type":"image\/png","url":"https:\/\/www.comunitatdelesport.com\/wp-content\/uploads\/2021\/06\/CARTEL-TORREVIEJA-50-150x150.png"}}},"all_day":false,"start_date":"2021-06-12 09:00:00","start_date_details":{"year":"2021","month":"06","day":"12","hour":"09","minutes":"00","seconds":"00"},"end_date":"2021-06-12 12:00:00","end_date_details":{"year":"2021","month":"06","day":"12","hour":"12","minutes":"00","seconds":"00"},"utc_start_date":"2021-06-12 07:00:00","utc_start_date_details":{"year":"2021","month":"06","day":"12","hour":"07","minutes":"00","seconds":"00"},"utc_end_date":"2021-06-12 10:00:00","utc_end_date_details":{"year":"2021","month":"06","day":"12","hour":"10","minutes":"00","seconds":"00"},"timezone":"Europe\/Madrid","timezone_abbr":"CEST","cost":"","cost_details":{"currency_symbol":"","currency_code":"","currency_position":"","values":[]},"website":"https:\/\/fremocv.org\/portfolio\/12-junio-2021-ca-remo-olimpico-alevin-2021\/","show_map":true,"show_map_link":true,"hide_from_listings":false,"sticky":false,"featured":false,"categories":[{"name":"Rem","slug":"rem","term_group":0,"term_taxonomy_id":150,"taxonomy":"tribe_events_cat","description":"","parent":0,"count":17,"filter":"raw","id":150,"urls":{"self":"https:\/\/www.comunitatdelesport.com\/va\/wp-json\/tribe\/events\/v1\/categories\/150","collection":"https:\/\/www.comunitatdelesport.com\/va\/wp-json\/tribe\/events\/v1\/categories"}}],"tags":[],"venue":{"id":3251,"author":"5","status":"publish","date":"2021-05-07 10:00:15","date_utc":"2021-05-07 08:00:15","modified":"2021-05-07 10:00:15","modified_utc":"2021-05-07 08:00:15","url":"https:\/\/www.comunitatdelesport.com\/lloc\/torrevieja\/","venue":"Torrevieja","slug":"torrevieja","country":"Spain","json_ld":{"@type":"Place","name":"Torrevieja","description":"","url":"https:\/\/www.comunitatdelesport.com\/lloc\/torrevieja\/","address":{"@type":"PostalAddress","addressCountry":"Spain"},"telephone":"","sameAs":""},"show_map":true,"show_map_link":true,"global_id":"www.comunitatdelesport.com\/va\/?id=3251","global_id_lineage":["www.comunitatdelesport.com\/va\/?id=3251"]},"organizer":[{"id":3409,"status":"publish","date":"2021-06-10 11:26:51","date_utc":"2021-06-10 09:26:51","modified":"2021-06-10 11:26:51","modified_utc":"2021-06-10 09:26:51","url":"https:\/\/www.comunitatdelesport.com\/organizador\/federacin-remo-comunitat-valenciana\/","organizer":"Federaci&oacute;n Remo Comunitat Valenciana","slug":"federacin-remo-comunitat-valenciana","email":"secretaria@fremocv.org","json_ld":{"@type":"Person","name":"Federaci&oacute;n Remo Comunitat Valenciana","description":"","url":"","telephone":"","email":"&#115;&#101;&#99;&#114;&#101;t&#97;&#114;&#105;a&#64;&#102;&#114;&#101;mocv.&#111;r&#103;","sameAs":""},"global_id":"www.comunitatdelesport.com\/va\/?id=3409","global_id_lineage":["www.comunitatdelesport.com\/va\/?id=3409"]},{"id":3410,"status":"pending","date":"2021-06-10 10:39:46","date_utc":"0000-00-00 00:00:00","modified":"2021-06-10 10:39:46","modified_utc":"0000-00-00 00:00:00","url":"https:\/\/www.comunitatdelesport.com\/?post_type=tribe_organizer&p=3410","organizer":"Real Club N&aacute;utico Torrevieja","email":"remo@rcnt.es","global_id":"www.comunitatdelesport.com\/va\/?id=3410","global_id_lineage":["www.comunitatdelesport.com\/va\/?id=3410"]}],"custom_fields":[],"json_ld":{"@context":"http:\/\/schema.org","@type":"Event","name":"Reme &#8211; Campionat Auton\u00f2mic de Rem Ol\u00edmpic","description":"&lt;p&gt;Campionat Auton\u00f2mic de Rem Ol\u00edmpic de la categoria Alev\u00ed. Modalitats ol\u00edmpiques:\u00a01x,\u00a02x\u00a0i\u00a04x.&lt;\/p&gt;\\n","image":"https:\/\/www.comunitatdelesport.com\/wp-content\/uploads\/2021\/06\/CARTEL-TORREVIEJA-50.png","url":"https:\/\/www.comunitatdelesport.com\/va\/evento\/remo-campeonato-autonomico-de-remo-olimpico\/","eventAttendanceMode":"https:\/\/schema.org\/OfflineEventAttendanceMode","eventStatus":"https:\/\/schema.org\/EventScheduled","startDate":"2021-06-12T09:00:00+02:00","endDate":"2021-06-12T12:00:00+02:00","location":{"@type":"Place","name":"Torrevieja","description":"","url":"https:\/\/www.comunitatdelesport.com\/lloc\/torrevieja\/","address":{"@type":"PostalAddress","addressCountry":"Spain"},"telephone":"","sameAs":""},"organizer":{"@type":"Person","name":"Federaci&oacute;n Remo Comunitat Valenciana","description":"","url":"","telephone":"","email":"&#115;&#101;c&#114;e&#116;a&#114;ia&#64;f&#114;&#101;mo&#99;&#118;.&#111;rg","sameAs":""},"performer":"Organization"},"is_virtual":false,"virtual_url":null,"virtual_video_source":""}