{"id":28259,"global_id":"www.comunitatdelesport.com\/va\/?id=28259","global_id_lineage":["www.comunitatdelesport.com\/va\/?id=28259"],"author":"7","status":"publish","date":"2023-05-03 16:04:03","date_utc":"2023-05-03 14:04:03","modified":"2023-09-19 16:38:11","modified_utc":"2023-09-19 14:38:11","url":"https:\/\/www.comunitatdelesport.com\/va\/evento\/cto-espana-padel-selecciones-autonomicas\/","rest_url":"https:\/\/www.comunitatdelesport.com\/va\/wp-json\/tribe\/events\/v1\/events\/28259","title":"CTO Espa\u00f1a P\u00e1del Selecciones Auton\u00f3micas","description":"<p>Campeonato de Espa\u00f1a P\u00e1del Selecciones Auton\u00f3micas<\/p>","excerpt":"","slug":"cto-espana-padel-selecciones-autonomicas","image":{"url":"https:\/\/www.comunitatdelesport.com\/wp-content\/uploads\/2023\/05\/Cartel.jpeg","id":30299,"extension":"jpeg","width":843,"height":1192,"filesize":286902,"sizes":{"medium":{"width":212,"height":300,"mime-type":"image\/jpeg","filesize":25848,"url":"https:\/\/www.comunitatdelesport.com\/wp-content\/uploads\/2023\/05\/Cartel-212x300.jpeg"},"large":{"width":724,"height":1024,"mime-type":"image\/jpeg","filesize":148106,"url":"https:\/\/www.comunitatdelesport.com\/wp-content\/uploads\/2023\/05\/Cartel-724x1024.jpeg"},"thumbnail":{"width":150,"height":150,"mime-type":"image\/jpeg","filesize":10331,"url":"https:\/\/www.comunitatdelesport.com\/wp-content\/uploads\/2023\/05\/Cartel-150x150.jpeg"},"medium_large":{"width":768,"height":1086,"mime-type":"image\/jpeg","filesize":157854,"url":"https:\/\/www.comunitatdelesport.com\/wp-content\/uploads\/2023\/05\/Cartel-768x1086.jpeg"},"home-slider-thumb":{"width":800,"height":450,"mime-type":"image\/jpeg","filesize":60575,"url":"https:\/\/www.comunitatdelesport.com\/wp-content\/uploads\/2023\/05\/Cartel-800x450.jpeg"}}},"all_day":true,"start_date":"2023-10-06 00:00:00","start_date_details":{"year":"2023","month":"10","day":"06","hour":"00","minutes":"00","seconds":"00"},"end_date":"2023-10-08 23:59:59","end_date_details":{"year":"2023","month":"10","day":"08","hour":"23","minutes":"59","seconds":"59"},"utc_start_date":"2023-10-05 22:00:00","utc_start_date_details":{"year":"2023","month":"10","day":"05","hour":"22","minutes":"00","seconds":"00"},"utc_end_date":"2023-10-08 21:59:59","utc_end_date_details":{"year":"2023","month":"10","day":"08","hour":"21","minutes":"59","seconds":"59"},"timezone":"Europe\/Madrid","timezone_abbr":"CEST","cost":"","cost_details":{"currency_symbol":"","currency_code":"","currency_position":"prefix","values":[]},"website":"","show_map":true,"show_map_link":true,"hide_from_listings":false,"sticky":false,"featured":false,"categories":[{"name":"p\u00e0del","slug":"padel-va","term_group":0,"term_taxonomy_id":69,"taxonomy":"tribe_events_cat","description":"","parent":0,"count":10,"filter":"raw","id":69,"urls":{"self":"https:\/\/www.comunitatdelesport.com\/va\/wp-json\/tribe\/events\/v1\/categories\/69","collection":"https:\/\/www.comunitatdelesport.com\/va\/wp-json\/tribe\/events\/v1\/categories"}}],"tags":[{"name":"PAC_CV 2023","slug":"pac_cv-2023-va","term_group":0,"term_taxonomy_id":281,"taxonomy":"post_tag","description":"","parent":0,"count":31,"filter":"raw","id":281,"urls":{"self":"https:\/\/www.comunitatdelesport.com\/va\/wp-json\/tribe\/events\/v1\/tags\/281","collection":"https:\/\/www.comunitatdelesport.com\/va\/wp-json\/tribe\/events\/v1\/tags"}}],"venue":{"id":2522,"author":"5","status":"publish","date":"2021-03-31 08:45:22","date_utc":"2021-03-31 06:45:22","modified":"2025-01-23 12:49:52","modified_utc":"2025-01-23 11:49:52","url":"https:\/\/www.comunitatdelesport.com\/lloc\/valencia\/","venue":"Val\u00e8ncia","slug":"valencia","geo_lat":39.475639659424,"geo_lng":-0.37455917134027,"json_ld":{"@type":"Place","name":"Val\u00e8ncia","description":"","url":"https:\/\/www.comunitatdelesport.com\/lloc\/valencia\/","address":{"@type":"PostalAddress"},"geo":{"@type":"GeoCoordinates","latitude":39.475639659424,"longitude":-0.37455917134027},"telephone":"","sameAs":""},"show_map":true,"show_map_link":true,"global_id":"www.comunitatdelesport.com\/va\/?id=2522","global_id_lineage":["www.comunitatdelesport.com\/va\/?id=2522"]},"organizer":[],"custom_fields":{"_ecp_custom_8":{"label":"Provincia","value":"Valencia"}},"json_ld":{"@context":"http:\/\/schema.org","@type":"Event","name":"CTO Espa\u00f1a P\u00e1del Selecciones Auton\u00f3micas","description":"&lt;p&gt;Campeonato de Espa\u00f1a P\u00e1del Selecciones Auton\u00f3micas&lt;\/p&gt;\\n","image":"https:\/\/www.comunitatdelesport.com\/wp-content\/uploads\/2023\/05\/Cartel.jpeg","url":"https:\/\/www.comunitatdelesport.com\/va\/evento\/cto-espana-padel-selecciones-autonomicas\/","eventAttendanceMode":"https:\/\/schema.org\/OfflineEventAttendanceMode","eventStatus":"https:\/\/schema.org\/EventScheduled","startDate":"2023-10-06T00:00:00+02:00","endDate":"2023-10-08T23:59:59+02:00","location":{"@type":"Place","name":"Val\u00e8ncia","description":"","url":"https:\/\/www.comunitatdelesport.com\/lloc\/valencia\/","address":{"@type":"PostalAddress"},"geo":{"@type":"GeoCoordinates","latitude":39.475639659424,"longitude":-0.37455917134027},"telephone":"","sameAs":""},"performer":"Organization"},"is_virtual":false,"virtual_url":null,"virtual_video_source":""}