{"id":23845,"global_id":"www.comunitatdelesport.com\/va\/?id=23845","global_id_lineage":["www.comunitatdelesport.com\/va\/?id=23845"],"author":"8","status":"publish","date":"2023-01-03 09:53:55","date_utc":"2023-01-03 08:53:55","modified":"2023-02-15 10:44:46","modified_utc":"2023-02-15 09:44:46","url":"https:\/\/www.comunitatdelesport.com\/va\/evento\/internacionales-chelva-gsport-challenge\/","rest_url":"https:\/\/www.comunitatdelesport.com\/va\/wp-json\/tribe\/events\/v1\/events\/23845","title":"Internacionales Chelva GSPORT Challenge","description":"<p>Los Internacionales XCO Chelva 2023 dan un gran salto de calidad estrenando la categor\u00eda UCI Hors Class, la m\u00e1xima otorgada por el organismo ciclista para una prueba de XCO. La carrera se celebrar\u00e1 los d\u00edas 18 y 19 de febrero en uno de los circuitos de XCO m\u00e1s t\u00e9cnicos y exigentes a nivel internacional, y ya tiene abierto el proceso de inscripci\u00f3n.<\/p>\n<p>La d\u00e9cima edici\u00f3n de esta m\u00edtica carrera de XCO celebrada en la localidad valenciana de Chelva pasa a estar incluida en el calendario UCI de Mountain Bike como Hors Class, disputada bajo los reglamentos generales de la UCI y los espec\u00edficos de la modalidad de XCO. Est\u00e1 abierta a las categor\u00edas \u00c9lite, Sub-23 y Junior (tanto masculina como femenina).<\/p>","excerpt":"","slug":"internacionales-chelva-gsport-challenge","image":{"url":"https:\/\/www.comunitatdelesport.com\/wp-content\/uploads\/2023\/01\/98ecc74f-2072-4d1f-bc0b-4f1b35cd79d0.jpeg","id":23844,"extension":"jpeg","width":1600,"height":730,"filesize":102676,"sizes":{"medium":{"width":300,"height":137,"mime-type":"image\/jpeg","filesize":8686,"url":"https:\/\/www.comunitatdelesport.com\/wp-content\/uploads\/2023\/01\/98ecc74f-2072-4d1f-bc0b-4f1b35cd79d0-300x137.jpeg"},"large":{"width":1024,"height":467,"mime-type":"image\/jpeg","filesize":44769,"url":"https:\/\/www.comunitatdelesport.com\/wp-content\/uploads\/2023\/01\/98ecc74f-2072-4d1f-bc0b-4f1b35cd79d0-1024x467.jpeg"},"thumbnail":{"width":150,"height":150,"mime-type":"image\/jpeg","filesize":5538,"url":"https:\/\/www.comunitatdelesport.com\/wp-content\/uploads\/2023\/01\/98ecc74f-2072-4d1f-bc0b-4f1b35cd79d0-150x150.jpeg"},"medium_large":{"width":768,"height":350,"mime-type":"image\/jpeg","filesize":31002,"url":"https:\/\/www.comunitatdelesport.com\/wp-content\/uploads\/2023\/01\/98ecc74f-2072-4d1f-bc0b-4f1b35cd79d0-768x350.jpeg"},"1536x1536":{"width":1536,"height":701,"mime-type":"image\/jpeg","filesize":75586,"url":"https:\/\/www.comunitatdelesport.com\/wp-content\/uploads\/2023\/01\/98ecc74f-2072-4d1f-bc0b-4f1b35cd79d0-1536x701.jpeg"},"home-slider-thumb":{"width":800,"height":450,"mime-type":"image\/jpeg","filesize":37715,"url":"https:\/\/www.comunitatdelesport.com\/wp-content\/uploads\/2023\/01\/98ecc74f-2072-4d1f-bc0b-4f1b35cd79d0-800x450.jpeg"}}},"all_day":true,"start_date":"2023-02-18 00:00:00","start_date_details":{"year":"2023","month":"02","day":"18","hour":"00","minutes":"00","seconds":"00"},"end_date":"2023-02-19 23:59:59","end_date_details":{"year":"2023","month":"02","day":"19","hour":"23","minutes":"59","seconds":"59"},"utc_start_date":"2023-02-17 23:00:00","utc_start_date_details":{"year":"2023","month":"02","day":"17","hour":"23","minutes":"00","seconds":"00"},"utc_end_date":"2023-02-19 22:59:59","utc_end_date_details":{"year":"2023","month":"02","day":"19","hour":"22","minutes":"59","seconds":"59"},"timezone":"Europe\/Madrid","timezone_abbr":"CET","cost":"","cost_details":{"currency_symbol":"","currency_code":"","currency_position":"prefix","values":[]},"website":"","show_map":true,"show_map_link":true,"hide_from_listings":false,"sticky":true,"featured":true,"categories":[{"name":"ciclisme","slug":"ciclisme","term_group":0,"term_taxonomy_id":50,"taxonomy":"tribe_events_cat","description":"","parent":0,"count":25,"filter":"raw","id":50,"urls":{"self":"https:\/\/www.comunitatdelesport.com\/va\/wp-json\/tribe\/events\/v1\/categories\/50","collection":"https:\/\/www.comunitatdelesport.com\/va\/wp-json\/tribe\/events\/v1\/categories"}}],"tags":[],"venue":[],"organizer":[],"custom_fields":{"_ecp_custom_6":{"label":"Url en directo","value":"https:\/\/www.rtve.es\/play\/"},"_ecp_custom_8":{"label":"Provincia","value":"Valencia"}},"json_ld":{"@context":"http:\/\/schema.org","@type":"Event","name":"Internacionales Chelva GSPORT Challenge","description":"&lt;p&gt;Los Internacionales XCO Chelva 2023 dan un gran salto de calidad estrenando la categor\u00eda UCI Hors Class, la m\u00e1xima otorgada por el organismo ciclista para una prueba de XCO. La [&hellip;]&lt;\/p&gt;\\n","image":"https:\/\/www.comunitatdelesport.com\/wp-content\/uploads\/2023\/01\/98ecc74f-2072-4d1f-bc0b-4f1b35cd79d0.jpeg","url":"https:\/\/www.comunitatdelesport.com\/va\/evento\/internacionales-chelva-gsport-challenge\/","eventAttendanceMode":"https:\/\/schema.org\/OfflineEventAttendanceMode","eventStatus":"https:\/\/schema.org\/EventScheduled","startDate":"2023-02-18T00:00:00+01:00","endDate":"2023-02-19T23:59:59+01:00","performer":"Organization"},"is_virtual":false,"virtual_url":null,"virtual_video_source":""}