{"id":16994,"global_id":"www.comunitatdelesport.com\/va\/?id=16994","global_id_lineage":["www.comunitatdelesport.com\/va\/?id=16994"],"author":"8","status":"publish","date":"2022-08-10 09:10:57","date_utc":"2022-08-10 07:10:57","modified":"2022-08-10 09:10:57","modified_utc":"2022-08-10 07:10:57","url":"https:\/\/www.comunitatdelesport.com\/va\/evento\/pre-europeo-femenino-espana-dinamarca\/","rest_url":"https:\/\/www.comunitatdelesport.com\/va\/wp-json\/tribe\/events\/v1\/events\/16994","title":"Pre-Europeo Femenino: Espa\u00f1a &#8211; Dinamarca","description":"","excerpt":"","slug":"pre-europeo-femenino-espana-dinamarca","image":{"url":"https:\/\/www.comunitatdelesport.com\/wp-content\/uploads\/2022\/08\/CARTEL-PREUROPEO-FEMENINO-2022-alicante-definitivo-scaled.jpg","id":16991,"extension":"jpg","width":1810,"height":2560,"sizes":{"medium":{"width":212,"height":300,"mime-type":"image\/jpeg","url":"https:\/\/www.comunitatdelesport.com\/wp-content\/uploads\/2022\/08\/CARTEL-PREUROPEO-FEMENINO-2022-alicante-definitivo-212x300.jpg"},"large":{"width":724,"height":1024,"mime-type":"image\/jpeg","url":"https:\/\/www.comunitatdelesport.com\/wp-content\/uploads\/2022\/08\/CARTEL-PREUROPEO-FEMENINO-2022-alicante-definitivo-724x1024.jpg"},"thumbnail":{"width":150,"height":150,"mime-type":"image\/jpeg","url":"https:\/\/www.comunitatdelesport.com\/wp-content\/uploads\/2022\/08\/CARTEL-PREUROPEO-FEMENINO-2022-alicante-definitivo-150x150.jpg"},"medium_large":{"width":768,"height":1086,"mime-type":"image\/jpeg","url":"https:\/\/www.comunitatdelesport.com\/wp-content\/uploads\/2022\/08\/CARTEL-PREUROPEO-FEMENINO-2022-alicante-definitivo-768x1086.jpg"},"1536x1536":{"width":1086,"height":1536,"mime-type":"image\/jpeg","url":"https:\/\/www.comunitatdelesport.com\/wp-content\/uploads\/2022\/08\/CARTEL-PREUROPEO-FEMENINO-2022-alicante-definitivo-1086x1536.jpg"},"2048x2048":{"width":1448,"height":2048,"mime-type":"image\/jpeg","url":"https:\/\/www.comunitatdelesport.com\/wp-content\/uploads\/2022\/08\/CARTEL-PREUROPEO-FEMENINO-2022-alicante-definitivo-1448x2048.jpg"},"home-slider-thumb":{"width":800,"height":450,"mime-type":"image\/jpeg","url":"https:\/\/www.comunitatdelesport.com\/wp-content\/uploads\/2022\/08\/CARTEL-PREUROPEO-FEMENINO-2022-alicante-definitivo-800x450.jpg"}},"original_image":"CARTEL-PREUROPEO-FEMENINO-2022-alicante-definitivo.jpg"},"all_day":false,"start_date":"2022-09-11 17:00:00","start_date_details":{"year":"2022","month":"09","day":"11","hour":"17","minutes":"00","seconds":"00"},"end_date":"2022-09-11 19:00:00","end_date_details":{"year":"2022","month":"09","day":"11","hour":"19","minutes":"00","seconds":"00"},"utc_start_date":"2022-09-11 15:00:00","utc_start_date_details":{"year":"2022","month":"09","day":"11","hour":"15","minutes":"00","seconds":"00"},"utc_end_date":"2022-09-11 17:00:00","utc_end_date_details":{"year":"2022","month":"09","day":"11","hour":"17","minutes":"00","seconds":"00"},"timezone":"Europe\/Madrid","timezone_abbr":"CEST","cost":"","cost_details":{"currency_symbol":"","currency_code":"","currency_position":"prefix","values":[]},"website":"https:\/\/fvbcv.com\/","show_map":true,"show_map_link":true,"hide_from_listings":false,"sticky":false,"featured":false,"categories":[{"name":"Voleibol","slug":"voleibol-va-2","term_group":0,"term_taxonomy_id":196,"taxonomy":"tribe_events_cat","description":"","parent":0,"count":11,"filter":"raw","id":196,"urls":{"self":"https:\/\/www.comunitatdelesport.com\/va\/wp-json\/tribe\/events\/v1\/categories\/196","collection":"https:\/\/www.comunitatdelesport.com\/va\/wp-json\/tribe\/events\/v1\/categories"}}],"tags":[],"venue":{"id":16993,"author":"8","status":"publish","date":"2022-08-10 09:10:58","date_utc":"2022-08-10 07:10:58","modified":"2022-08-10 09:10:58","modified_utc":"2022-08-10 07:10:58","url":"https:\/\/www.comunitatdelesport.com\/lloc\/pabellon-pedro-ferrandiz\/","venue":"Pabell\u00f3n Pedro Ferr\u00e1ndiz","slug":"pabellon-pedro-ferrandiz","address":"Centro de Tecnificaci\u00f3n","city":"Alicante","country":"Spain","province":"Alicante","stateprovince":"Alicante","json_ld":{"@type":"Place","name":"Pabell\u00f3n Pedro Ferr\u00e1ndiz","description":"","url":"https:\/\/www.comunitatdelesport.com\/lloc\/pabellon-pedro-ferrandiz\/","address":{"@type":"PostalAddress","streetAddress":"Centro de Tecnificaci\u00f3n","addressLocality":"Alicante","addressRegion":"Alicante","addressCountry":"Spain"},"telephone":"","sameAs":""},"show_map":true,"show_map_link":true,"global_id":"www.comunitatdelesport.com\/va\/?id=16993","global_id_lineage":["www.comunitatdelesport.com\/va\/?id=16993"]},"organizer":[],"custom_fields":[],"json_ld":{"@context":"http:\/\/schema.org","@type":"Event","name":"Pre-Europeo Femenino: Espa\u00f1a &#8211; Dinamarca","description":"","image":"https:\/\/www.comunitatdelesport.com\/wp-content\/uploads\/2022\/08\/CARTEL-PREUROPEO-FEMENINO-2022-alicante-definitivo-scaled.jpg","url":"https:\/\/www.comunitatdelesport.com\/va\/evento\/pre-europeo-femenino-espana-dinamarca\/","eventAttendanceMode":"https:\/\/schema.org\/OfflineEventAttendanceMode","eventStatus":"https:\/\/schema.org\/EventScheduled","startDate":"2022-09-11T17:00:00+02:00","endDate":"2022-09-11T19:00:00+02:00","location":{"@type":"Place","name":"Pabell\u00f3n Pedro Ferr\u00e1ndiz","description":"","url":"https:\/\/www.comunitatdelesport.com\/lloc\/pabellon-pedro-ferrandiz\/","address":{"@type":"PostalAddress","streetAddress":"Centro de Tecnificaci\u00f3n","addressLocality":"Alicante","addressRegion":"Alicante","addressCountry":"Spain"},"telephone":"","sameAs":""},"performer":"Organization"},"is_virtual":false,"virtual_url":null,"virtual_video_source":""}