{"id":15141,"global_id":"www.comunitatdelesport.com\/va\/?id=15141","global_id_lineage":["www.comunitatdelesport.com\/va\/?id=15141"],"author":"5","status":"publish","date":"2022-06-23 12:09:03","date_utc":"2022-06-23 10:09:03","modified":"2023-05-03 12:14:57","modified_utc":"2023-05-03 10:14:57","url":"https:\/\/www.comunitatdelesport.com\/va\/evento\/xii-premi-dorientacio-comunitat-valenciana\/","rest_url":"https:\/\/www.comunitatdelesport.com\/va\/wp-json\/tribe\/events\/v1\/events\/15141","title":"XII Premi d&#8217;Orientaci\u00f3 Comunitat Valenciana &#8211; \u00c9lite Distancia Media","description":"<p>Campeonato Internacional de Orientaci\u00f3n en Onil.<\/p>","excerpt":"","slug":"xii-premi-dorientacio-comunitat-valenciana","image":{"url":"https:\/\/www.comunitatdelesport.com\/wp-content\/uploads\/2022\/06\/230522-CARTEL-XII-COMUNIDAD-VALENCIANA-ONIL-scaled.jpg","id":20894,"extension":"jpg","width":1810,"height":2560,"filesize":903466,"sizes":{"medium":{"width":212,"height":300,"mime-type":"image\/jpeg","filesize":25359,"url":"https:\/\/www.comunitatdelesport.com\/wp-content\/uploads\/2022\/06\/230522-CARTEL-XII-COMUNIDAD-VALENCIANA-ONIL-212x300.jpg"},"large":{"width":724,"height":1024,"mime-type":"image\/jpeg","filesize":208178,"url":"https:\/\/www.comunitatdelesport.com\/wp-content\/uploads\/2022\/06\/230522-CARTEL-XII-COMUNIDAD-VALENCIANA-ONIL-724x1024.jpg"},"thumbnail":{"width":150,"height":150,"mime-type":"image\/jpeg","filesize":9913,"url":"https:\/\/www.comunitatdelesport.com\/wp-content\/uploads\/2022\/06\/230522-CARTEL-XII-COMUNIDAD-VALENCIANA-ONIL-150x150.jpg"},"medium_large":{"width":768,"height":1086,"mime-type":"image\/jpeg","filesize":229947,"url":"https:\/\/www.comunitatdelesport.com\/wp-content\/uploads\/2022\/06\/230522-CARTEL-XII-COMUNIDAD-VALENCIANA-ONIL-768x1086.jpg"},"1536x1536":{"width":1086,"height":1536,"mime-type":"image\/jpeg","filesize":408682,"url":"https:\/\/www.comunitatdelesport.com\/wp-content\/uploads\/2022\/06\/230522-CARTEL-XII-COMUNIDAD-VALENCIANA-ONIL-1086x1536.jpg"},"2048x2048":{"width":1448,"height":2048,"mime-type":"image\/jpeg","filesize":644986,"url":"https:\/\/www.comunitatdelesport.com\/wp-content\/uploads\/2022\/06\/230522-CARTEL-XII-COMUNIDAD-VALENCIANA-ONIL-1448x2048.jpg"},"home-slider-thumb":{"width":800,"height":450,"mime-type":"image\/jpeg","filesize":99384,"url":"https:\/\/www.comunitatdelesport.com\/wp-content\/uploads\/2022\/06\/230522-CARTEL-XII-COMUNIDAD-VALENCIANA-ONIL-800x450.jpg"}},"original_image":"230522-CARTEL-XII-COMUNIDAD-VALENCIANA-ONIL.jpg"},"all_day":false,"start_date":"2023-02-04 11:00:00","start_date_details":{"year":"2023","month":"02","day":"04","hour":"11","minutes":"00","seconds":"00"},"end_date":"2023-02-04 16:00:00","end_date_details":{"year":"2023","month":"02","day":"04","hour":"16","minutes":"00","seconds":"00"},"utc_start_date":"2023-02-04 10:00:00","utc_start_date_details":{"year":"2023","month":"02","day":"04","hour":"10","minutes":"00","seconds":"00"},"utc_end_date":"2023-02-04 15:00:00","utc_end_date_details":{"year":"2023","month":"02","day":"04","hour":"15","minutes":"00","seconds":"00"},"timezone":"Europe\/Madrid","timezone_abbr":"CET","cost":"","cost_details":{"currency_symbol":"","currency_code":"","currency_position":"prefix","values":[]},"website":"www.fedo.org","show_map":false,"show_map_link":false,"hide_from_listings":false,"sticky":true,"featured":true,"categories":[{"name":"Orientaci\u00f3n","slug":"orientacion-va","term_group":0,"term_taxonomy_id":182,"taxonomy":"tribe_events_cat","description":"","parent":0,"count":6,"filter":"raw","id":182,"urls":{"self":"https:\/\/www.comunitatdelesport.com\/va\/wp-json\/tribe\/events\/v1\/categories\/182","collection":"https:\/\/www.comunitatdelesport.com\/va\/wp-json\/tribe\/events\/v1\/categories"}}],"tags":[{"name":"PAC_CV 2023","slug":"pac_cv-2023-va","term_group":0,"term_taxonomy_id":281,"taxonomy":"post_tag","description":"","parent":0,"count":31,"filter":"raw","id":281,"urls":{"self":"https:\/\/www.comunitatdelesport.com\/va\/wp-json\/tribe\/events\/v1\/tags\/281","collection":"https:\/\/www.comunitatdelesport.com\/va\/wp-json\/tribe\/events\/v1\/tags"}}],"venue":[],"organizer":[],"custom_fields":{"_ecp_custom_2":{"label":"Email de contacto","value":"secretaria.fedo@gmail.com"},"_ecp_custom_3":{"label":"Tel\u00e9fono de contacto","value":"629 375 564"},"_ecp_custom_6":{"label":"Url en directo","value":"https:\/\/www.youtube.com\/watch?v=QyycEjUNrfw"},"_ecp_custom_8":{"label":"Provincia","value":"Alicante"}},"json_ld":{"@context":"http:\/\/schema.org","@type":"Event","name":"XII Premi d&#8217;Orientaci\u00f3 Comunitat Valenciana &#8211; \u00c9lite Distancia Media","description":"&lt;p&gt;Campeonato Internacional de Orientaci\u00f3n en Onil.&lt;\/p&gt;\\n","image":"https:\/\/www.comunitatdelesport.com\/wp-content\/uploads\/2022\/06\/230522-CARTEL-XII-COMUNIDAD-VALENCIANA-ONIL-scaled.jpg","url":"https:\/\/www.comunitatdelesport.com\/va\/evento\/xii-premi-dorientacio-comunitat-valenciana\/","eventAttendanceMode":"https:\/\/schema.org\/OfflineEventAttendanceMode","eventStatus":"https:\/\/schema.org\/EventScheduled","startDate":"2023-02-04T11:00:00+01:00","endDate":"2023-02-04T16:00:00+01:00","performer":"Organization"},"is_virtual":false,"virtual_url":null,"virtual_video_source":""}