{"id":11349,"global_id":"www.comunitatdelesport.com\/va\/?id=11349","global_id_lineage":["www.comunitatdelesport.com\/va\/?id=11349"],"author":"5","status":"publish","date":"2022-04-26 09:36:52","date_utc":"2022-04-26 07:36:52","modified":"2022-04-26 09:36:52","modified_utc":"2022-04-26 07:36:52","url":"https:\/\/www.comunitatdelesport.com\/va\/evento\/3a-prueba-femecv-de-marcha-nordica-de-la-comunidad-valenciana\/","rest_url":"https:\/\/www.comunitatdelesport.com\/va\/wp-json\/tribe\/events\/v1\/events\/11349","title":"3\u00aa PRUEBA FEMECV DE MARCHA N\u00d3RDICA DE LA COMUNIDAD VALENCIANA","description":"<p>PRUEBA PUNTUABLE PARA CAMPEONATO AUTONOMICO DE MARCHA N\u00d3RDICA DE LA C.V. ORGANIZADO POR LA  FEDERACI\u00d3 DE ESPORTS DE MUNTANYA i ESCALADA DE LA C.V. CON LA QUE TENEMOS CONVENIO CON LA FUNDACI\u00d3N TRINIDAD ALFONSO, EN LAS TRES MODALIDADES DEPORTIVAS DE ESCALADA, MARCHA N\u00d3RDICA y CARRERAS POR MONTA\u00d1A<\/p>","excerpt":"","slug":"3a-prueba-femecv-de-marcha-nordica-de-la-comunidad-valenciana","image":{"url":"https:\/\/www.comunitatdelesport.com\/wp-content\/uploads\/2022\/04\/Cartel-3a-Prueba-Copa-Marcha-Nordica-FEMECV-2022.pdf-1-1.png","id":11345,"extension":"png","width":1414,"height":2000,"sizes":{"medium":{"width":212,"height":300,"mime-type":"image\/png","url":"https:\/\/www.comunitatdelesport.com\/wp-content\/uploads\/2022\/04\/Cartel-3a-Prueba-Copa-Marcha-Nordica-FEMECV-2022.pdf-1-1-212x300.png"},"large":{"width":724,"height":1024,"mime-type":"image\/png","url":"https:\/\/www.comunitatdelesport.com\/wp-content\/uploads\/2022\/04\/Cartel-3a-Prueba-Copa-Marcha-Nordica-FEMECV-2022.pdf-1-1-724x1024.png"},"thumbnail":{"width":150,"height":150,"mime-type":"image\/png","url":"https:\/\/www.comunitatdelesport.com\/wp-content\/uploads\/2022\/04\/Cartel-3a-Prueba-Copa-Marcha-Nordica-FEMECV-2022.pdf-1-1-150x150.png"},"medium_large":{"width":768,"height":1086,"mime-type":"image\/png","url":"https:\/\/www.comunitatdelesport.com\/wp-content\/uploads\/2022\/04\/Cartel-3a-Prueba-Copa-Marcha-Nordica-FEMECV-2022.pdf-1-1-768x1086.png"},"1536x1536":{"width":1086,"height":1536,"mime-type":"image\/png","url":"https:\/\/www.comunitatdelesport.com\/wp-content\/uploads\/2022\/04\/Cartel-3a-Prueba-Copa-Marcha-Nordica-FEMECV-2022.pdf-1-1-1086x1536.png"},"home-slider-thumb":{"width":800,"height":450,"mime-type":"image\/png","url":"https:\/\/www.comunitatdelesport.com\/wp-content\/uploads\/2022\/04\/Cartel-3a-Prueba-Copa-Marcha-Nordica-FEMECV-2022.pdf-1-1-800x450.png"}}},"all_day":false,"start_date":"2022-04-30 16:00:00","start_date_details":{"year":"2022","month":"04","day":"30","hour":"16","minutes":"00","seconds":"00"},"end_date":"2022-04-30 19:00:00","end_date_details":{"year":"2022","month":"04","day":"30","hour":"19","minutes":"00","seconds":"00"},"utc_start_date":"2022-04-30 14:00:00","utc_start_date_details":{"year":"2022","month":"04","day":"30","hour":"14","minutes":"00","seconds":"00"},"utc_end_date":"2022-04-30 17:00:00","utc_end_date_details":{"year":"2022","month":"04","day":"30","hour":"17","minutes":"00","seconds":"00"},"timezone":"Europe\/Madrid","timezone_abbr":"CEST","cost":"","cost_details":{"currency_symbol":"","currency_code":"","currency_position":"prefix","values":[]},"website":"https:\/\/www.mychip.es\/evento\/3-prueba-marcha-nordica-1er-trofeo-paterna-ciutat-del-foc-femecv-22-1","show_map":true,"show_map_link":true,"hide_from_listings":false,"sticky":false,"featured":false,"categories":[{"name":"Monta\u00f1a y Escalada","slug":"montana-y-escalada-va","term_group":0,"term_taxonomy_id":188,"taxonomy":"tribe_events_cat","description":"","parent":0,"count":10,"filter":"raw","id":188,"urls":{"self":"https:\/\/www.comunitatdelesport.com\/va\/wp-json\/tribe\/events\/v1\/categories\/188","collection":"https:\/\/www.comunitatdelesport.com\/va\/wp-json\/tribe\/events\/v1\/categories"}}],"tags":[],"venue":{"id":2522,"author":"5","status":"publish","date":"2021-03-31 08:45:22","date_utc":"2021-03-31 06:45:22","modified":"2025-01-23 12:49:52","modified_utc":"2025-01-23 11:49:52","url":"https:\/\/www.comunitatdelesport.com\/lloc\/valencia\/","venue":"Val\u00e8ncia","slug":"valencia","geo_lat":39.475639659424,"geo_lng":-0.37455917134027,"json_ld":{"@type":"Place","name":"Val\u00e8ncia","description":"","url":"https:\/\/www.comunitatdelesport.com\/lloc\/valencia\/","address":{"@type":"PostalAddress"},"geo":{"@type":"GeoCoordinates","latitude":39.475639659424,"longitude":-0.37455917134027},"telephone":"","sameAs":""},"show_map":true,"show_map_link":true,"global_id":"www.comunitatdelesport.com\/va\/?id=2522","global_id_lineage":["www.comunitatdelesport.com\/va\/?id=2522"]},"organizer":[],"custom_fields":{"_ecp_custom_2":{"label":"Email de contacto","value":"escuelamarchanordica@gmail.com"},"_ecp_custom_3":{"label":"Tel\u00e9fono de contacto","value":"600413242"},"_ecp_custom_4":{"label":"Categor\u00eda (indica una nueva si no se encuentra en nuestro listado)","value":"MARCHA N\u00d3RDICA"}},"json_ld":{"@context":"http:\/\/schema.org","@type":"Event","name":"3\u00aa PRUEBA FEMECV DE MARCHA N\u00d3RDICA DE LA COMUNIDAD VALENCIANA","description":"&lt;p&gt;PRUEBA PUNTUABLE PARA CAMPEONATO AUTONOMICO DE MARCHA N\u00d3RDICA DE LA C.V. ORGANIZADO POR LA FEDERACI\u00d3 DE ESPORTS DE MUNTANYA i ESCALADA DE LA C.V. CON LA QUE TENEMOS CONVENIO CON [&hellip;]&lt;\/p&gt;\\n","image":"https:\/\/www.comunitatdelesport.com\/wp-content\/uploads\/2022\/04\/Cartel-3a-Prueba-Copa-Marcha-Nordica-FEMECV-2022.pdf-1-1.png","url":"https:\/\/www.comunitatdelesport.com\/va\/evento\/3a-prueba-femecv-de-marcha-nordica-de-la-comunidad-valenciana\/","eventAttendanceMode":"https:\/\/schema.org\/OfflineEventAttendanceMode","eventStatus":"https:\/\/schema.org\/EventScheduled","startDate":"2022-04-30T16:00:00+02:00","endDate":"2022-04-30T19:00:00+02:00","location":{"@type":"Place","name":"Val\u00e8ncia","description":"","url":"https:\/\/www.comunitatdelesport.com\/lloc\/valencia\/","address":{"@type":"PostalAddress"},"geo":{"@type":"GeoCoordinates","latitude":39.475639659424,"longitude":-0.37455917134027},"telephone":"","sameAs":""},"performer":"Organization"},"is_virtual":false,"virtual_url":null,"virtual_video_source":""}